{"id":573,"date":"2013-03-07T13:07:36","date_gmt":"2013-03-07T13:07:36","guid":{"rendered":"http:\/\/incafust.org\/bloc\/?p=573"},"modified":"2013-03-07T13:07:36","modified_gmt":"2013-03-07T13:07:36","slug":"produccio-de-bigues-estructurals-amb-fusta-de-frondoses-nobles-dorigen-catala","status":"publish","type":"post","link":"https:\/\/www.incafust.cat\/?p=573","title":{"rendered":"Producci\u00f3 de bigues estructurals amb fusta de frondoses nobles d&#8217;origen catal\u00e0"},"content":{"rendered":"<p><strong>La fusta, material ecol\u00f2gic<\/strong><\/p>\n<p>La fusta \u00e9s un recurs natural, renovable, reutilitzable i reciclable emprat per la humanitat des dels inicis dels temps. La substituci\u00f3 del consum de fusta per altres materials minerals com el petroli, els \u00e0rids o els metalls, no \u00e9s una soluci\u00f3 per reduir la pressi\u00f3 sobre els ecosistemes naturals.\u00a0 Paradoxalment, aquesta pr\u00e0ctica desemboca en una despesa energ\u00e8tica molt superior i en la utilitzaci\u00f3 de mat\u00e8ries primeres no renovables molt\u00a0 m\u00e9s agressives amb el medi, especialment un cop acaba la seva vida \u00fatil. Contr\u00e0riament, si un bosc s&#8217;aprofita de forma sostenible i respectuosa\u00a0 \u00e9s capa\u00e7 de proporcionar-nos fusta de forma indefinida.<\/p>\n<p style=\"text-align: left;\">En els darrers anys a Europa s&#8217;ha experimentat un inter\u00e8s creixent en els productes elaborats amb fusta de frondosa degut a l&#8217;alta qualitat del material,\u00a0 les seves propietats mec\u00e0niques i resistents superiors, i les seves caracter\u00edstiques est\u00e8tiques excepcionals. A Catalunya existeixen algunes\u00a0 frondoses nobles amb les que fabricar fusta laminada encolada, per\u00f2 \u00e9s el castanyer la que millor s&#8217;adapta als requeriments d&#8217;aquest material: bons\u00a0 creixements, bona rectitud, pres\u00e8ncia de defectes moderada o escassa i gran qualitat est\u00e8tica (Figura 1).<\/p>\n<figure id=\"attachment_580\" aria-describedby=\"caption-attachment-580\" style=\"width: 649px\" class=\"wp-caption alignleft\"><a href=\"http:\/\/incafust.org\/bloc\/wp-content\/uploads\/2013\/03\/Fusta-de-castanyer-Fusta-laminada-encolada-INCAFUST.png\"><img decoding=\"async\" loading=\"lazy\" class=\" wp-image-580           \" alt=\"Figura 1 Fusta de castanyer                                                                  Figura 2 Fusta laminada encolada\" src=\"http:\/\/incafust.org\/bloc\/wp-content\/uploads\/2013\/03\/Fusta-de-castanyer-Fusta-laminada-encolada-INCAFUST.png\" width=\"649\" height=\"232\" srcset=\"https:\/\/www.incafust.cat\/wp-content\/uploads\/2013\/03\/Fusta-de-castanyer-Fusta-laminada-encolada-INCAFUST.png 1245w, https:\/\/www.incafust.cat\/wp-content\/uploads\/2013\/03\/Fusta-de-castanyer-Fusta-laminada-encolada-INCAFUST-300x107.png 300w, https:\/\/www.incafust.cat\/wp-content\/uploads\/2013\/03\/Fusta-de-castanyer-Fusta-laminada-encolada-INCAFUST-1024x367.png 1024w\" sizes=\"(max-width: 649px) 100vw, 649px\" \/><\/a><figcaption id=\"caption-attachment-580\" class=\"wp-caption-text\">Figura 1. Fusta de castanyer \u00a0 \u00a0 \u00a0 \u00a0 \u00a0 \u00a0 \u00a0 \u00a0 \u00a0 \u00a0 \u00a0 \u00a0 \u00a0 \u00a0 \u00a0 \u00a0 \u00a0 \u00a0 \u00a0 \u00a0 \u00a0 \u00a0 \u00a0 \u00a0 \u00a0 Figura 2. Fusta laminada encolada<\/figcaption><\/figure>\n<p style=\"text-align: left;\">Des d&#8217;un punt de vista ecol\u00f2gic, utilitzar materials amb baixa energ\u00eda incorporada \u00e9s avantatj\u00f3s doncs la despesa energ\u00e8tica est\u00e0 directament\u00a0 relacionada amb les emissions de CO<sub>2<\/sub> i aquestes amb l&#8217;efecte hivernacle. La fusta \u00e9s un dels pocs materials emprats en construcci\u00f3 i en procesos industrials que, a m\u00e9s de ser renovable, presenta una molt redu\u00efda factura energ\u00e8tica en ser f\u00e0cil de treballar i lleugera de transportar. A m\u00e9s, \u00e9s un embornal de CO<sub>2<\/sub> natural en el que cada gram de fusta \u00e9s responsable de la captura de 1,84 g de CO<sub>2<\/sub> atmosf\u00e8ric.<\/p>\n<p style=\"text-align: left;\"><strong>Fusta laminada encolada<\/strong><\/p>\n<p style=\"text-align: left;\">La fusta laminada encolada \u00e9s un material estructural compost format per la uni\u00f3 encolada de l\u00e0mines de fusta massissa, amb la fibra disposada b\u00e0sicament de forma paral\u00b7lela a l&#8217;eix longitudinal, desenvolupat per superar les limitacions dimensionals i resistents de la natura (Figura 2). Per comprovar si la fusta laminada encolada compleix amb les exig\u00e8ncies normatives preestablertes i avaluar si es comporta de forma correcta, cal construir un cert nombre de prototips semblants als futurs productes de s\u00e8rie d&#8217;acord a la norma UNE-EN 14080:2010. Per con\u00e8ixer les propietats del material i detectar possibles errors o defici\u00e8ncies cal assajar els prototips a esfor\u00e7 tallant seguint les directrius de la UNE-EN 392:1995 (Figura 4) i a flexi\u00f3 est\u00e0tica segons la norma UNE-EN 408:2006 (Figura 5).<\/p>\n<figure id=\"attachment_581\" aria-describedby=\"caption-attachment-581\" style=\"width: 649px\" class=\"wp-caption alignnone\"><a href=\"http:\/\/incafust.org\/bloc\/wp-content\/uploads\/2013\/03\/Estructura-de-fusta-laminada-encolada-de-castanyer-Assaig-de-resist\u00e8ncia-a-esfor\u00e7-tallant-de-les-l\u00ednies-de-cola-INCAFUST.png\"><img decoding=\"async\" loading=\"lazy\" class=\"wp-image-581     \" title=\"Figura 3 Estructura de fusta laminada encolada de castanyer            Figura 4 Assaig de resist\u00e8ncia a esfor\u00e7 tallant de les l\u00ednies de cola INCAFUST   \" alt=\"                                      \" src=\"http:\/\/incafust.org\/bloc\/wp-content\/uploads\/2013\/03\/Estructura-de-fusta-laminada-encolada-de-castanyer-Assaig-de-resist\u00e8ncia-a-esfor\u00e7-tallant-de-les-l\u00ednies-de-cola-INCAFUST.png\" width=\"649\" height=\"326\" srcset=\"https:\/\/www.incafust.cat\/wp-content\/uploads\/2013\/03\/Estructura-de-fusta-laminada-encolada-de-castanyer-Assaig-de-resist\u00e8ncia-a-esfor\u00e7-tallant-de-les-l\u00ednies-de-cola-INCAFUST.png 1289w, https:\/\/www.incafust.cat\/wp-content\/uploads\/2013\/03\/Estructura-de-fusta-laminada-encolada-de-castanyer-Assaig-de-resist\u00e8ncia-a-esfor\u00e7-tallant-de-les-l\u00ednies-de-cola-INCAFUST-300x151.png 300w, https:\/\/www.incafust.cat\/wp-content\/uploads\/2013\/03\/Estructura-de-fusta-laminada-encolada-de-castanyer-Assaig-de-resist\u00e8ncia-a-esfor\u00e7-tallant-de-les-l\u00ednies-de-cola-INCAFUST-1024x516.png 1024w\" sizes=\"(max-width: 649px) 100vw, 649px\" \/><\/a><figcaption id=\"caption-attachment-581\" class=\"wp-caption-text\">Figura 3. Estructura de fusta laminada encolada de castanyer \u00a0 \u00a0 \u00a0 \u00a0 \u00a0 \u00a0 \u00a0 \u00a0 \u00a0 \u00a0 \u00a0 \u00a0 \u00a0 \u00a0 \u00a0 \u00a0 \u00a0 \u00a0 \u00a0 \u00a0 \u00a0 \u00a0 \u00a0 \u00a0 \u00a0 \u00a0 \u00a0 \u00a0 \u00a0 \u00a0 \u00a0 \u00a0 \u00a0 \u00a0 \u00a0 \u00a0 \u00a0 \u00a0 \u00a0 \u00a0 \u00a0 \u00a0 \u00a0 \u00a0 \u00a0 \u00a0 \u00a0 \u00a0 \u00a0 \u00a0 \u00a0 \u00a0 \u00a0 \u00a0 \u00a0 \u00a0 \u00a0 \u00a0 \u00a0 \u00a0 \u00a0 \u00a0 \u00a0 \u00a0 \u00a0 \u00a0 \u00a0 Figura 4. Assaig de resist\u00e8ncia a esfor\u00e7 tallant de les l\u00ednies de cola<\/figcaption><\/figure>\n<figure id=\"attachment_583\" aria-describedby=\"caption-attachment-583\" style=\"width: 547px\" class=\"wp-caption aligncenter\"><a href=\"http:\/\/incafust.org\/bloc\/wp-content\/uploads\/2013\/03\/Assaig-de-flexi\u00f3-est\u00e0tica-dun-element-estructural-INCAFUST.png\"><img decoding=\"async\" loading=\"lazy\" class=\" wp-image-583  \" alt=\"Figura 5. Assaig de flexi\u00f3 est\u00e0tica d'un element estructural\" src=\"http:\/\/incafust.org\/bloc\/wp-content\/uploads\/2013\/03\/Assaig-de-flexi\u00f3-est\u00e0tica-dun-element-estructural-INCAFUST.png\" width=\"547\" height=\"233\" srcset=\"https:\/\/www.incafust.cat\/wp-content\/uploads\/2013\/03\/Assaig-de-flexi\u00f3-est\u00e0tica-dun-element-estructural-INCAFUST.png 1140w, https:\/\/www.incafust.cat\/wp-content\/uploads\/2013\/03\/Assaig-de-flexi\u00f3-est\u00e0tica-dun-element-estructural-INCAFUST-300x128.png 300w, https:\/\/www.incafust.cat\/wp-content\/uploads\/2013\/03\/Assaig-de-flexi\u00f3-est\u00e0tica-dun-element-estructural-INCAFUST-1024x436.png 1024w\" sizes=\"(max-width: 547px) 100vw, 547px\" \/><\/a><figcaption id=\"caption-attachment-583\" class=\"wp-caption-text\">Figura 5. Assaig de flexi\u00f3 est\u00e0tica d&#8217;un element estructural<\/figcaption><\/figure>\n<p style=\"text-align: left;\">Per la comptabilitzaci\u00f3 dels beneficis ambientals es tenen en compte les emissions de CO<sub>2<\/sub> i l&#8217;energia incorporada del material. Per valorar aquests beneficis, s&#8217;ha fet una hip\u00f2tesi de c\u00e0lcul sobre tres bigues de\u00a0materials constructius diferents: fusta, formig\u00f3 i acer (Taula 1) .<\/p>\n<figure id=\"attachment_576\" aria-describedby=\"caption-attachment-576\" style=\"width: 513px\" class=\"wp-caption aligncenter\"><a href=\"http:\/\/incafust.org\/bloc\/wp-content\/uploads\/2013\/03\/Balan\u00e7-de-CO-dels-elements-estructurals-INCAFUST.png\"><img decoding=\"async\" loading=\"lazy\" class=\" wp-image-576  \" alt=\"Taula 1. Balan\u00e7 de CO dels elements estructurals\" src=\"http:\/\/incafust.org\/bloc\/wp-content\/uploads\/2013\/03\/Balan\u00e7-de-CO-dels-elements-estructurals-INCAFUST.png\" width=\"513\" height=\"198\" srcset=\"https:\/\/www.incafust.cat\/wp-content\/uploads\/2013\/03\/Balan\u00e7-de-CO-dels-elements-estructurals-INCAFUST.png 1068w, https:\/\/www.incafust.cat\/wp-content\/uploads\/2013\/03\/Balan\u00e7-de-CO-dels-elements-estructurals-INCAFUST-300x116.png 300w, https:\/\/www.incafust.cat\/wp-content\/uploads\/2013\/03\/Balan\u00e7-de-CO-dels-elements-estructurals-INCAFUST-1024x397.png 1024w\" sizes=\"(max-width: 513px) 100vw, 513px\" \/><\/a><figcaption id=\"caption-attachment-576\" class=\"wp-caption-text\">Taula 1. Balan\u00e7 de CO dels elements estructurals<\/figcaption><\/figure>\n<p><strong>Conclusions<\/strong><\/p>\n<p style=\"text-align: left;\">La producci\u00f3 de fusta laminada encolada amb frondoses nobles d&#8217;origen catal\u00e0, i m\u00e9s concretament amb castanyer, \u00e9s viable (Figura 3). Es poden obtenir bigues amb un potencial resistent equivalent a la classe GLh 32 segons la norma UNE-EN 1194:1999. A m\u00e9s, aquest producte estructural millora la resist\u00e8ncia a flexi\u00f3 est\u00e0tica respecte la fusta massissa de gran escairada en aproximadament 8 N\/mm .<\/p>\n<p style=\"text-align: left;\">Els beneficis ambientals que presenta la fusta laminada encolada de castanyer s\u00f3n b\u00e0sicament tres:<\/p>\n<ul style=\"text-align: left;\">\n<li>Estalvi d&#8217;un 23% de la fusta necess\u00e0ria per bastir una estructura<\/li>\n<li>Cada m de fusta laminada encolada segresta 1042 kg de CO<sub>2<\/sub><\/li>\n<li>Una biga de fusta incorpora nou vegades menys energia que una de formig\u00f3 armat i vint-i-tres que una d&#8217;acer<\/li>\n<\/ul>\n<p>&nbsp;<\/p>\n<p>Dades obtingudes en el marc del projecte \u201cProducci\u00f3 de bigues estructurals amb fusta de frondoses nobles d\u2019origen catal\u00e0\u201d finan\u00e7at per l\u2019Obra Social d\u2019Unnim. Autors: Correal, E. i Vilches, M., investigadors d\u2019INCAFUST.<br \/>\n<iframe loading=\"lazy\" src=\"http:\/\/www.congresoforestal.es\/actas\/doc\/6CFE\/6CFE01-518.pdf\" height=\"240\" width=\"320\"><\/iframe><br \/>\n<iframe loading=\"lazy\" src=\"http:\/\/www.congresoforestal.es\/actas\/doc\/6CFE\/6CFE01-518.pdf\" height=\"1000\" width=\"640\" allowfullscreen=\"\" frameborder=\"0\"><\/iframe><\/p>\n","protected":false},"excerpt":{"rendered":"<p>La fusta, material ecol\u00f2gic La fusta \u00e9s un recurs natural, renovable, reutilitzable i reciclable emprat per la humanitat des dels<\/p>\n","protected":false},"author":1,"featured_media":699,"comment_status":"open","ping_status":"open","sticky":false,"template":"","format":"standard","meta":[],"categories":[25],"tags":[],"_links":{"self":[{"href":"https:\/\/www.incafust.cat\/index.php?rest_route=\/wp\/v2\/posts\/573"}],"collection":[{"href":"https:\/\/www.incafust.cat\/index.php?rest_route=\/wp\/v2\/posts"}],"about":[{"href":"https:\/\/www.incafust.cat\/index.php?rest_route=\/wp\/v2\/types\/post"}],"author":[{"embeddable":true,"href":"https:\/\/www.incafust.cat\/index.php?rest_route=\/wp\/v2\/users\/1"}],"replies":[{"embeddable":true,"href":"https:\/\/www.incafust.cat\/index.php?rest_route=%2Fwp%2Fv2%2Fcomments&post=573"}],"version-history":[{"count":0,"href":"https:\/\/www.incafust.cat\/index.php?rest_route=\/wp\/v2\/posts\/573\/revisions"}],"wp:featuredmedia":[{"embeddable":true,"href":"https:\/\/www.incafust.cat\/index.php?rest_route=\/wp\/v2\/media\/699"}],"wp:attachment":[{"href":"https:\/\/www.incafust.cat\/index.php?rest_route=%2Fwp%2Fv2%2Fmedia&parent=573"}],"wp:term":[{"taxonomy":"category","embeddable":true,"href":"https:\/\/www.incafust.cat\/index.php?rest_route=%2Fwp%2Fv2%2Fcategories&post=573"},{"taxonomy":"post_tag","embeddable":true,"href":"https:\/\/www.incafust.cat\/index.php?rest_route=%2Fwp%2Fv2%2Ftags&post=573"}],"curies":[{"name":"wp","href":"https:\/\/api.w.org\/{rel}","templated":true}]}}